{"id":8691,"date":"2025-06-26T11:26:22","date_gmt":"2025-06-26T11:26:22","guid":{"rendered":"https:\/\/rutasmeigas.com\/arte-en-el-camino-frances-41-monumentos-te-abren-sus-puertas-este-verano\/"},"modified":"2026-02-17T12:53:51","modified_gmt":"2026-02-17T12:53:51","slug":"arte-en-el-camino-frances-41-monumentos-te-abren-sus-puertas-este-verano","status":"publish","type":"post","link":"https:\/\/rutasmeigas.com\/es\/arte-en-el-camino-frances-41-monumentos-te-abren-sus-puertas-este-verano\/","title":{"rendered":"Arte en el Camino Franc\u00e9s: 41 monumentos te abren sus puertas este verano"},"content":{"rendered":"\nSi estabas pensando en hacer el <strong>Camino de Santiago<\/strong> este verano, te traemos una noticia que har\u00e1 tu experiencia a\u00fan m\u00e1s especial.\n\nDel <strong>14 de junio al 12 de octubre de 2025<\/strong>, gracias a una iniciativa de la Junta de Castilla y Le\u00f3n, se abrir\u00e1n al p\u00fablico nada menos que <strong>41 monumentos hist\u00f3ricos<\/strong> en 32 localidades del <a href=\"https:\/\/rutasmeigas.com\/es\/actividades\/caminos-santiago\/camino-frances\/\"><strong>Camino Franc\u00e9s<\/strong><\/a>. Y no es algo que ocurra todos los a\u00f1os.\n\nSe trata de una apertura excepcional, pensada espec\u00edficamente para los meses de m\u00e1s afluencia de <strong>peregrinos<\/strong>. Una oportunidad \u00fanica para descubrir iglesias rom\u00e1nicas, ermitas y otros tesoros patrimoniales que habitualmente est\u00e1n cerrados o con horarios muy restringidos.\n\nAs\u00ed que, si vas a <strong>hacer el Camino de Santiago este verano<\/strong>, o si te lo est\u00e1s planteando, este 2025 es el momento perfecto: tu Camino ser\u00e1 tambi\u00e9n un viaje cultural inolvidable.\n<h2><strong>Una ruta cultural m\u00e1s viva que nunca<\/strong><\/h2>\nEl <strong>Camino Franc\u00e9s<\/strong> es la gran <strong>ruta hist\u00f3rica del Camino de Santiago<\/strong>. No solo por su belleza paisaj\u00edstica o su relevancia espiritual, sino porque atraviesa siglos de historia: de monasterios medievales, de<a href=\"https:\/\/rutasmeigas.com\/es\/el-arte-romanico-en-el-camino-frances\/\" target=\"_blank\" rel=\"noopener\"> arte rom\u00e1nico<\/a> y g\u00f3tico, de tradiciones vivas que a\u00fan laten en cada localidad jacobea.\n\nAhora, con esta apertura especial de 41 monumentos, el <strong>Camin<\/strong>o se convierte en un verdadero museo al aire libre.\n\nY no estamos hablando solo de grandes catedrales,\u00a0 que tambi\u00e9n, sino de peque\u00f1os tesoros escondidos que normalmente pasan desapercibidos: iglesias de piedra en mitad de los campos de Castilla, antiguas ermitas rurales, edificios hist\u00f3ricos que son testimonio del paso de los siglos y de miles de <strong>peregrinos<\/strong> que los recorrieron antes que t\u00fa.\n<h2><strong>\u00a0<\/strong><strong>Aprovecha la apertura de 41 monumentos en el Camino de Santiago<\/strong><\/h2>\nAn\u00f3tate bien las fechas: <strong>del 14 de junio al 12 de octubre de 2025<\/strong>.\n\nSolo durante este per\u00edodo estar\u00e1 activo el <em>Programa de Apertura de Monumentos Camino de Santiago Franc\u00e9s<\/em>. Despu\u00e9s, muchos de estos espacios volver\u00e1n a sus horarios habituales (en algunos casos, cerrados durante el resto del a\u00f1o).\n\nPor eso es importante que, si haces el Camino este verano, no dejes pasar esta ocasi\u00f3n. No es algo que se repita cada temporada.\n<h2><strong>Camino Franc\u00e9s 2025, una experiencia cultural completa<\/strong><\/h2>\nSi ya el <strong>Camino Franc\u00e9s<\/strong> es, de por s\u00ed, la ruta con mayor patrimonio del <a href=\"https:\/\/rutasmeigas.com\/es\/actividades\/caminos-santiago\/\" target=\"_blank\" rel=\"noopener\"><strong>Camino de Santiago<\/strong><\/a>, este verano su valor cultural se multiplica.\n\nTendr\u00e1s la oportunidad de:\n\n.-Acceder a monumentos que en otros momentos no est\u00e1n abiertos.\n.-Enriquecer cada etapa con visitas culturales sin salirte del recorrido.\n.-Conectar de un modo m\u00e1s profundo con la historia y el alma de la ruta.\n.-Aportar al desarrollo local, ya que la apertura de estos espacios beneficia a las comunidades por las que pasa el Camino.\n<h2><strong>Monumentos que puedes visitar en el Camino Franc\u00e9s 2025<\/strong><\/h2>\nAunque el dossier con la lista completa te o puedes descargar <a href=\"https:\/\/comunicacion.jcyl.es\/web\/jcyl\/Comunicacion\/es\/Plantilla100Detalle\/1281372051501\/NotaPrensa\/1285530223773\/Comunicacion\" target=\"_blank\" rel=\"noopener\">aqu\u00ed<\/a>, te dejamos un peque\u00f1o adelanto de lo que te espera.\n\n.- Iglesias rom\u00e1nicas en Redecilla del Camino, Viloria de Rioja, Belorado, Ag\u00e9s, Tardajos (provincia de Burgos).\n.-Iglesias y edificios hist\u00f3ricos en Carri\u00f3n de los Condes y Fr\u00f3mista (Palencia).\n.-Iglesia de Santa Mar\u00eda de Cacabelos y otros monumentos en 19 localidades de la provincia de Le\u00f3n.\n\nEn total: <strong>41 monumentos<\/strong>, distribuidos en <strong>32 localidades<\/strong> por las provincias de Burgos, Palencia y Le\u00f3n.\n<h2><strong>Monumentos abiertos para el peregrino<\/strong><\/h2>\nOtra buena noticia es que los horarios de apertura est\u00e1n adaptados al ritmo de los <strong>peregrinos<\/strong>. Es decir, no tendr\u00e1s que desajustar tus etapas para poder visitar estos monumentos.\n\nSi haces el <strong>Camino de Santiago organizado<\/strong>, como solemos ofrecer en <strong>Rutas Meigas<\/strong>, con tus alojamientos privados ya reservados y tu equipaje transportado entre etapas, es a\u00fan m\u00e1s sencillo. Puedes planificar cada jornada con tranquilidad, sabiendo que tendr\u00e1s tiempo para disfrutar de estas paradas culturales.\n<h2><strong>El Camino Franc\u00e9s, un museo al aire libre<\/strong><\/h2>\nPor qu\u00e9 aprovechar esta oportunidad en 2025 (que no sabemos si volver\u00e1 a repetirse)\n\n.- Porque esta <strong>apertura es excepcional<\/strong>: solo de junio a octubre 2025.\n.- Porque el <strong>Camino Franc\u00e9s<\/strong> es, m\u00e1s que nunca, un museo vivo.\n.- Porque cada uno de estos monumentos enriquece tu viaje, a\u00f1adiendo historia, arte y emoci\u00f3n a cada paso.\n.-Porque no es lo mismo caminar junto a una iglesia rom\u00e1nica que tener la oportunidad de entrar en ella, sentir su atm\u00f3sfera, ver sus detalles.\n.- \u00a0Porque es una forma de contribuir a la conservaci\u00f3n y valorizaci\u00f3n de este patrimonio \u00fanico.\n<h2><strong>Verano 2025, Camino cultural<\/strong><\/h2>\nConsejos para tu Camino de Santiago m\u00e1s cultural este verano:\n\n.-Planifica tu ruta sabiendo qu\u00e9 monumentos se abren en cada etapa.\n.- Disp\u00f3n de tiempo para disfrutar de las visitas con tranquilidad. En el Camino no hay prisa.\n\n&#8211; Respeta los espacios, ya que son patrimonio y parte de la memoria de los pueblos que atraviesas.\n.-Aprovecha los materiales informativos que ofrecen para conocer mejor la historia de cada lugar.\nSobre todo, disfr\u00fatalo. No es solo un Camino. Este a\u00f1o, es un viaje cultural irrepetible.\n<h2><strong>Caminar por el Camino Franc\u00e9s en 2025 es caminar por la historia<\/strong><\/h2>\nEl <strong>Camino de Santiago<\/strong> siempre ha sido un cruce de caminos. Este verano, gracias a la apertura de estos 41 monumentos, ser\u00e1 tambi\u00e9n una puerta abierta al pasado.\n\nUn pasado que ahora t\u00fa puedes conocer m\u00e1s de cerca, de junio a octubre 2025. Un verano para caminar no solo por senderos y pueblos, sino tambi\u00e9n por siglos de historia, arte y cultura.\n\nSi te apetece descubrir este <strong>Camino Franc\u00e9s<\/strong> m\u00e1s cultural que nunca, en <strong>Rutas Meigas<\/strong> podemos ayudarte a organizarlo a tu medida. Para que tu experiencia sea, de verdad, inolvidable.\n\n\u00a1Buen Camino!\n\n&nbsp;\n","protected":false},"excerpt":{"rendered":"<p>Si estabas pensando en hacer el Camino de Santiago este verano, te traemos una noticia que har\u00e1 tu experiencia a\u00fan m\u00e1s especial. Del 14 de junio al 12 de octubre de 2025, gracias a una iniciativa de la Junta de Castilla y Le\u00f3n, se abrir\u00e1n al p\u00fablico nada menos que 41 monumentos hist\u00f3ricos en 32 [&hellip;]<\/p>\n","protected":false},"author":3,"featured_media":8584,"comment_status":"closed","ping_status":"open","sticky":false,"template":"","format":"standard","meta":{"_acf_changed":false,"footnotes":""},"categories":[144],"tags":[],"class_list":["post-8691","post","type-post","status-publish","format-standard","has-post-thumbnail","hentry","category-actualidad"],"acf":[],"yoast_head":"<!-- This site is optimized with the Yoast SEO plugin v28.2 - https:\/\/yoast.com\/product\/yoast-seo-wordpress\/ -->\n<title>Arte en el Camino Franc\u00e9s: 41 monumentos te abren sus puertas este verano | Rutas Meigas, Camino de Santiago<\/title>\n<meta name=\"description\" content=\"El Camino Franc\u00e9s es una ruta hist\u00f3rica del Camino. No solo por su belleza paisaj\u00edstica o su relevancia espiritual, sino porque atraviesa siglos de historia.\" \/>\n<meta name=\"robots\" content=\"index, follow, max-snippet:-1, max-image-preview:large, max-video-preview:-1\" \/>\n<link rel=\"canonical\" href=\"https:\/\/rutasmeigas.com\/es\/arte-en-el-camino-frances-41-monumentos-te-abren-sus-puertas-este-verano\/\" \/>\n<meta property=\"og:locale\" content=\"es_ES\" \/>\n<meta property=\"og:type\" content=\"article\" \/>\n<meta property=\"og:title\" content=\"Arte en el Camino Franc\u00e9s: 41 monumentos te abren sus puertas este verano | Rutas Meigas, Camino de Santiago\" \/>\n<meta property=\"og:description\" content=\"El Camino Franc\u00e9s es una ruta hist\u00f3rica del Camino. No solo por su belleza paisaj\u00edstica o su relevancia espiritual, sino porque atraviesa siglos de historia.\" \/>\n<meta property=\"og:url\" content=\"https:\/\/rutasmeigas.com\/es\/arte-en-el-camino-frances-41-monumentos-te-abren-sus-puertas-este-verano\/\" \/>\n<meta property=\"og:site_name\" content=\"Rutas Meigas, Camino de Santiago\" \/>\n<meta property=\"article:publisher\" content=\"https:\/\/www.facebook.com\/rutasmeigastravelagency\" \/>\n<meta property=\"article:published_time\" content=\"2025-06-26T11:26:22+00:00\" \/>\n<meta property=\"article:modified_time\" content=\"2026-02-17T12:53:51+00:00\" \/>\n<meta property=\"og:image\" content=\"https:\/\/rutasmeigas.com\/wp-content\/uploads\/2026\/01\/SARRIA_CONVENTO_MARIA_MAGDALENA_CAMINO_SANTIAGO_RUTAS_MEIGAS-1.jpg\" \/>\n\t<meta property=\"og:image:width\" content=\"1280\" \/>\n\t<meta property=\"og:image:height\" content=\"589\" \/>\n\t<meta property=\"og:image:type\" content=\"image\/jpeg\" \/>\n<meta name=\"author\" content=\"Onvia_admin\" \/>\n<meta name=\"twitter:card\" content=\"summary_large_image\" \/>\n<meta name=\"twitter:label1\" content=\"Escrito por\" \/>\n\t<meta name=\"twitter:data1\" content=\"Onvia_admin\" \/>\n\t<meta name=\"twitter:label2\" content=\"Tiempo de lectura\" \/>\n\t<meta name=\"twitter:data2\" content=\"5 minutos\" \/>\n<script type=\"application\/ld+json\" class=\"yoast-schema-graph\">{\"@context\":\"https:\\\/\\\/schema.org\",\"@graph\":[{\"@type\":\"Article\",\"@id\":\"https:\\\/\\\/rutasmeigas.com\\\/es\\\/arte-en-el-camino-frances-41-monumentos-te-abren-sus-puertas-este-verano\\\/#article\",\"isPartOf\":{\"@id\":\"https:\\\/\\\/rutasmeigas.com\\\/es\\\/arte-en-el-camino-frances-41-monumentos-te-abren-sus-puertas-este-verano\\\/\"},\"author\":{\"name\":\"Onvia_admin\",\"@id\":\"https:\\\/\\\/rutasmeigas.com\\\/es\\\/#\\\/schema\\\/person\\\/e0cf9c9147d2738ac6a23e1996168e96\"},\"headline\":\"Arte en el Camino Franc\u00e9s: 41 monumentos te abren sus puertas este verano\",\"datePublished\":\"2025-06-26T11:26:22+00:00\",\"dateModified\":\"2026-02-17T12:53:51+00:00\",\"mainEntityOfPage\":{\"@id\":\"https:\\\/\\\/rutasmeigas.com\\\/es\\\/arte-en-el-camino-frances-41-monumentos-te-abren-sus-puertas-este-verano\\\/\"},\"wordCount\":970,\"publisher\":{\"@id\":\"https:\\\/\\\/rutasmeigas.com\\\/es\\\/#organization\"},\"image\":{\"@id\":\"https:\\\/\\\/rutasmeigas.com\\\/es\\\/arte-en-el-camino-frances-41-monumentos-te-abren-sus-puertas-este-verano\\\/#primaryimage\"},\"thumbnailUrl\":\"https:\\\/\\\/rutasmeigas.com\\\/wp-content\\\/uploads\\\/2026\\\/01\\\/SARRIA_CONVENTO_MARIA_MAGDALENA_CAMINO_SANTIAGO_RUTAS_MEIGAS-1.jpg\",\"articleSection\":[\"Actualidad\"],\"inLanguage\":\"es\"},{\"@type\":\"WebPage\",\"@id\":\"https:\\\/\\\/rutasmeigas.com\\\/es\\\/arte-en-el-camino-frances-41-monumentos-te-abren-sus-puertas-este-verano\\\/\",\"url\":\"https:\\\/\\\/rutasmeigas.com\\\/es\\\/arte-en-el-camino-frances-41-monumentos-te-abren-sus-puertas-este-verano\\\/\",\"name\":\"Arte en el Camino Franc\u00e9s: 41 monumentos te abren sus puertas este verano | Rutas Meigas, Camino de Santiago\",\"isPartOf\":{\"@id\":\"https:\\\/\\\/rutasmeigas.com\\\/es\\\/#website\"},\"primaryImageOfPage\":{\"@id\":\"https:\\\/\\\/rutasmeigas.com\\\/es\\\/arte-en-el-camino-frances-41-monumentos-te-abren-sus-puertas-este-verano\\\/#primaryimage\"},\"image\":{\"@id\":\"https:\\\/\\\/rutasmeigas.com\\\/es\\\/arte-en-el-camino-frances-41-monumentos-te-abren-sus-puertas-este-verano\\\/#primaryimage\"},\"thumbnailUrl\":\"https:\\\/\\\/rutasmeigas.com\\\/wp-content\\\/uploads\\\/2026\\\/01\\\/SARRIA_CONVENTO_MARIA_MAGDALENA_CAMINO_SANTIAGO_RUTAS_MEIGAS-1.jpg\",\"datePublished\":\"2025-06-26T11:26:22+00:00\",\"dateModified\":\"2026-02-17T12:53:51+00:00\",\"description\":\"El Camino Franc\u00e9s es una ruta hist\u00f3rica del Camino. No solo por su belleza paisaj\u00edstica o su relevancia espiritual, sino porque atraviesa siglos de historia.\",\"breadcrumb\":{\"@id\":\"https:\\\/\\\/rutasmeigas.com\\\/es\\\/arte-en-el-camino-frances-41-monumentos-te-abren-sus-puertas-este-verano\\\/#breadcrumb\"},\"inLanguage\":\"es\",\"potentialAction\":[{\"@type\":\"ReadAction\",\"target\":[\"https:\\\/\\\/rutasmeigas.com\\\/es\\\/arte-en-el-camino-frances-41-monumentos-te-abren-sus-puertas-este-verano\\\/\"]}]},{\"@type\":\"ImageObject\",\"inLanguage\":\"es\",\"@id\":\"https:\\\/\\\/rutasmeigas.com\\\/es\\\/arte-en-el-camino-frances-41-monumentos-te-abren-sus-puertas-este-verano\\\/#primaryimage\",\"url\":\"https:\\\/\\\/rutasmeigas.com\\\/wp-content\\\/uploads\\\/2026\\\/01\\\/SARRIA_CONVENTO_MARIA_MAGDALENA_CAMINO_SANTIAGO_RUTAS_MEIGAS-1.jpg\",\"contentUrl\":\"https:\\\/\\\/rutasmeigas.com\\\/wp-content\\\/uploads\\\/2026\\\/01\\\/SARRIA_CONVENTO_MARIA_MAGDALENA_CAMINO_SANTIAGO_RUTAS_MEIGAS-1.jpg\",\"width\":1280,\"height\":589},{\"@type\":\"BreadcrumbList\",\"@id\":\"https:\\\/\\\/rutasmeigas.com\\\/es\\\/arte-en-el-camino-frances-41-monumentos-te-abren-sus-puertas-este-verano\\\/#breadcrumb\",\"itemListElement\":[{\"@type\":\"ListItem\",\"position\":1,\"name\":\"Home\",\"item\":\"https:\\\/\\\/rutasmeigas.com\\\/es\\\/\"},{\"@type\":\"ListItem\",\"position\":2,\"name\":\"Arte en el Camino Franc\u00e9s: 41 monumentos te abren sus puertas este verano\"}]},{\"@type\":\"WebSite\",\"@id\":\"https:\\\/\\\/rutasmeigas.com\\\/es\\\/#website\",\"url\":\"https:\\\/\\\/rutasmeigas.com\\\/es\\\/\",\"name\":\"Rutas Meigas\",\"description\":\"Agencia de viajes especializada en el Camino de Santiago\",\"publisher\":{\"@id\":\"https:\\\/\\\/rutasmeigas.com\\\/es\\\/#organization\"},\"potentialAction\":[{\"@type\":\"SearchAction\",\"target\":{\"@type\":\"EntryPoint\",\"urlTemplate\":\"https:\\\/\\\/rutasmeigas.com\\\/es\\\/?s={search_term_string}\"},\"query-input\":{\"@type\":\"PropertyValueSpecification\",\"valueRequired\":true,\"valueName\":\"search_term_string\"}}],\"inLanguage\":\"es\"},{\"@type\":\"Organization\",\"@id\":\"https:\\\/\\\/rutasmeigas.com\\\/es\\\/#organization\",\"name\":\"Rutas Meigas\",\"url\":\"https:\\\/\\\/rutasmeigas.com\\\/es\\\/\",\"logo\":{\"@type\":\"ImageObject\",\"inLanguage\":\"es\",\"@id\":\"https:\\\/\\\/rutasmeigas.com\\\/es\\\/#\\\/schema\\\/logo\\\/image\\\/\",\"url\":\"https:\\\/\\\/rutasmeigas.com\\\/wp-content\\\/uploads\\\/2025\\\/11\\\/logo-rutasmeigas.svg\",\"contentUrl\":\"https:\\\/\\\/rutasmeigas.com\\\/wp-content\\\/uploads\\\/2025\\\/11\\\/logo-rutasmeigas.svg\",\"width\":230,\"height\":61,\"caption\":\"Rutas Meigas\"},\"image\":{\"@id\":\"https:\\\/\\\/rutasmeigas.com\\\/es\\\/#\\\/schema\\\/logo\\\/image\\\/\"},\"sameAs\":[\"https:\\\/\\\/www.facebook.com\\\/rutasmeigastravelagency\",\"https:\\\/\\\/www.youtube.com\\\/@rutasmeigas3931\",\"https:\\\/\\\/www.instagram.com\\\/rutasmeigas\\\/\",\"https:\\\/\\\/www.linkedin.com\\\/company\\\/rutas-meigas\\\/\"]},{\"@type\":\"Person\",\"@id\":\"https:\\\/\\\/rutasmeigas.com\\\/es\\\/#\\\/schema\\\/person\\\/e0cf9c9147d2738ac6a23e1996168e96\",\"name\":\"Onvia_admin\",\"image\":{\"@type\":\"ImageObject\",\"inLanguage\":\"es\",\"@id\":\"https:\\\/\\\/secure.gravatar.com\\\/avatar\\\/fba000119460e80bc078ae980b703d8e3a8edf74f096603b9d42d7976c7bbd50?s=96&d=mm&r=g\",\"url\":\"https:\\\/\\\/secure.gravatar.com\\\/avatar\\\/fba000119460e80bc078ae980b703d8e3a8edf74f096603b9d42d7976c7bbd50?s=96&d=mm&r=g\",\"contentUrl\":\"https:\\\/\\\/secure.gravatar.com\\\/avatar\\\/fba000119460e80bc078ae980b703d8e3a8edf74f096603b9d42d7976c7bbd50?s=96&d=mm&r=g\",\"caption\":\"Onvia_admin\"}}]}<\/script>\n<!-- \/ Yoast SEO plugin. -->","yoast_head_json":{"title":"Arte en el Camino Franc\u00e9s: 41 monumentos te abren sus puertas este verano | Rutas Meigas, Camino de Santiago","description":"El Camino Franc\u00e9s es una ruta hist\u00f3rica del Camino. No solo por su belleza paisaj\u00edstica o su relevancia espiritual, sino porque atraviesa siglos de historia.","robots":{"index":"index","follow":"follow","max-snippet":"max-snippet:-1","max-image-preview":"max-image-preview:large","max-video-preview":"max-video-preview:-1"},"canonical":"https:\/\/rutasmeigas.com\/es\/arte-en-el-camino-frances-41-monumentos-te-abren-sus-puertas-este-verano\/","og_locale":"es_ES","og_type":"article","og_title":"Arte en el Camino Franc\u00e9s: 41 monumentos te abren sus puertas este verano | Rutas Meigas, Camino de Santiago","og_description":"El Camino Franc\u00e9s es una ruta hist\u00f3rica del Camino. No solo por su belleza paisaj\u00edstica o su relevancia espiritual, sino porque atraviesa siglos de historia.","og_url":"https:\/\/rutasmeigas.com\/es\/arte-en-el-camino-frances-41-monumentos-te-abren-sus-puertas-este-verano\/","og_site_name":"Rutas Meigas, Camino de Santiago","article_publisher":"https:\/\/www.facebook.com\/rutasmeigastravelagency","article_published_time":"2025-06-26T11:26:22+00:00","article_modified_time":"2026-02-17T12:53:51+00:00","og_image":[{"width":1280,"height":589,"url":"https:\/\/rutasmeigas.com\/wp-content\/uploads\/2026\/01\/SARRIA_CONVENTO_MARIA_MAGDALENA_CAMINO_SANTIAGO_RUTAS_MEIGAS-1.jpg","type":"image\/jpeg"}],"author":"Onvia_admin","twitter_card":"summary_large_image","twitter_misc":{"Escrito por":"Onvia_admin","Tiempo de lectura":"5 minutos"},"schema":{"@context":"https:\/\/schema.org","@graph":[{"@type":"Article","@id":"https:\/\/rutasmeigas.com\/es\/arte-en-el-camino-frances-41-monumentos-te-abren-sus-puertas-este-verano\/#article","isPartOf":{"@id":"https:\/\/rutasmeigas.com\/es\/arte-en-el-camino-frances-41-monumentos-te-abren-sus-puertas-este-verano\/"},"author":{"name":"Onvia_admin","@id":"https:\/\/rutasmeigas.com\/es\/#\/schema\/person\/e0cf9c9147d2738ac6a23e1996168e96"},"headline":"Arte en el Camino Franc\u00e9s: 41 monumentos te abren sus puertas este verano","datePublished":"2025-06-26T11:26:22+00:00","dateModified":"2026-02-17T12:53:51+00:00","mainEntityOfPage":{"@id":"https:\/\/rutasmeigas.com\/es\/arte-en-el-camino-frances-41-monumentos-te-abren-sus-puertas-este-verano\/"},"wordCount":970,"publisher":{"@id":"https:\/\/rutasmeigas.com\/es\/#organization"},"image":{"@id":"https:\/\/rutasmeigas.com\/es\/arte-en-el-camino-frances-41-monumentos-te-abren-sus-puertas-este-verano\/#primaryimage"},"thumbnailUrl":"https:\/\/rutasmeigas.com\/wp-content\/uploads\/2026\/01\/SARRIA_CONVENTO_MARIA_MAGDALENA_CAMINO_SANTIAGO_RUTAS_MEIGAS-1.jpg","articleSection":["Actualidad"],"inLanguage":"es"},{"@type":"WebPage","@id":"https:\/\/rutasmeigas.com\/es\/arte-en-el-camino-frances-41-monumentos-te-abren-sus-puertas-este-verano\/","url":"https:\/\/rutasmeigas.com\/es\/arte-en-el-camino-frances-41-monumentos-te-abren-sus-puertas-este-verano\/","name":"Arte en el Camino Franc\u00e9s: 41 monumentos te abren sus puertas este verano | Rutas Meigas, Camino de Santiago","isPartOf":{"@id":"https:\/\/rutasmeigas.com\/es\/#website"},"primaryImageOfPage":{"@id":"https:\/\/rutasmeigas.com\/es\/arte-en-el-camino-frances-41-monumentos-te-abren-sus-puertas-este-verano\/#primaryimage"},"image":{"@id":"https:\/\/rutasmeigas.com\/es\/arte-en-el-camino-frances-41-monumentos-te-abren-sus-puertas-este-verano\/#primaryimage"},"thumbnailUrl":"https:\/\/rutasmeigas.com\/wp-content\/uploads\/2026\/01\/SARRIA_CONVENTO_MARIA_MAGDALENA_CAMINO_SANTIAGO_RUTAS_MEIGAS-1.jpg","datePublished":"2025-06-26T11:26:22+00:00","dateModified":"2026-02-17T12:53:51+00:00","description":"El Camino Franc\u00e9s es una ruta hist\u00f3rica del Camino. No solo por su belleza paisaj\u00edstica o su relevancia espiritual, sino porque atraviesa siglos de historia.","breadcrumb":{"@id":"https:\/\/rutasmeigas.com\/es\/arte-en-el-camino-frances-41-monumentos-te-abren-sus-puertas-este-verano\/#breadcrumb"},"inLanguage":"es","potentialAction":[{"@type":"ReadAction","target":["https:\/\/rutasmeigas.com\/es\/arte-en-el-camino-frances-41-monumentos-te-abren-sus-puertas-este-verano\/"]}]},{"@type":"ImageObject","inLanguage":"es","@id":"https:\/\/rutasmeigas.com\/es\/arte-en-el-camino-frances-41-monumentos-te-abren-sus-puertas-este-verano\/#primaryimage","url":"https:\/\/rutasmeigas.com\/wp-content\/uploads\/2026\/01\/SARRIA_CONVENTO_MARIA_MAGDALENA_CAMINO_SANTIAGO_RUTAS_MEIGAS-1.jpg","contentUrl":"https:\/\/rutasmeigas.com\/wp-content\/uploads\/2026\/01\/SARRIA_CONVENTO_MARIA_MAGDALENA_CAMINO_SANTIAGO_RUTAS_MEIGAS-1.jpg","width":1280,"height":589},{"@type":"BreadcrumbList","@id":"https:\/\/rutasmeigas.com\/es\/arte-en-el-camino-frances-41-monumentos-te-abren-sus-puertas-este-verano\/#breadcrumb","itemListElement":[{"@type":"ListItem","position":1,"name":"Home","item":"https:\/\/rutasmeigas.com\/es\/"},{"@type":"ListItem","position":2,"name":"Arte en el Camino Franc\u00e9s: 41 monumentos te abren sus puertas este verano"}]},{"@type":"WebSite","@id":"https:\/\/rutasmeigas.com\/es\/#website","url":"https:\/\/rutasmeigas.com\/es\/","name":"Rutas Meigas","description":"Agencia de viajes especializada en el Camino de Santiago","publisher":{"@id":"https:\/\/rutasmeigas.com\/es\/#organization"},"potentialAction":[{"@type":"SearchAction","target":{"@type":"EntryPoint","urlTemplate":"https:\/\/rutasmeigas.com\/es\/?s={search_term_string}"},"query-input":{"@type":"PropertyValueSpecification","valueRequired":true,"valueName":"search_term_string"}}],"inLanguage":"es"},{"@type":"Organization","@id":"https:\/\/rutasmeigas.com\/es\/#organization","name":"Rutas Meigas","url":"https:\/\/rutasmeigas.com\/es\/","logo":{"@type":"ImageObject","inLanguage":"es","@id":"https:\/\/rutasmeigas.com\/es\/#\/schema\/logo\/image\/","url":"https:\/\/rutasmeigas.com\/wp-content\/uploads\/2025\/11\/logo-rutasmeigas.svg","contentUrl":"https:\/\/rutasmeigas.com\/wp-content\/uploads\/2025\/11\/logo-rutasmeigas.svg","width":230,"height":61,"caption":"Rutas Meigas"},"image":{"@id":"https:\/\/rutasmeigas.com\/es\/#\/schema\/logo\/image\/"},"sameAs":["https:\/\/www.facebook.com\/rutasmeigastravelagency","https:\/\/www.youtube.com\/@rutasmeigas3931","https:\/\/www.instagram.com\/rutasmeigas\/","https:\/\/www.linkedin.com\/company\/rutas-meigas\/"]},{"@type":"Person","@id":"https:\/\/rutasmeigas.com\/es\/#\/schema\/person\/e0cf9c9147d2738ac6a23e1996168e96","name":"Onvia_admin","image":{"@type":"ImageObject","inLanguage":"es","@id":"https:\/\/secure.gravatar.com\/avatar\/fba000119460e80bc078ae980b703d8e3a8edf74f096603b9d42d7976c7bbd50?s=96&d=mm&r=g","url":"https:\/\/secure.gravatar.com\/avatar\/fba000119460e80bc078ae980b703d8e3a8edf74f096603b9d42d7976c7bbd50?s=96&d=mm&r=g","contentUrl":"https:\/\/secure.gravatar.com\/avatar\/fba000119460e80bc078ae980b703d8e3a8edf74f096603b9d42d7976c7bbd50?s=96&d=mm&r=g","caption":"Onvia_admin"}}]}},"_links":{"self":[{"href":"https:\/\/rutasmeigas.com\/es\/wp-json\/wp\/v2\/posts\/8691","targetHints":{"allow":["GET"]}}],"collection":[{"href":"https:\/\/rutasmeigas.com\/es\/wp-json\/wp\/v2\/posts"}],"about":[{"href":"https:\/\/rutasmeigas.com\/es\/wp-json\/wp\/v2\/types\/post"}],"author":[{"embeddable":true,"href":"https:\/\/rutasmeigas.com\/es\/wp-json\/wp\/v2\/users\/3"}],"replies":[{"embeddable":true,"href":"https:\/\/rutasmeigas.com\/es\/wp-json\/wp\/v2\/comments?post=8691"}],"version-history":[{"count":6,"href":"https:\/\/rutasmeigas.com\/es\/wp-json\/wp\/v2\/posts\/8691\/revisions"}],"predecessor-version":[{"id":11640,"href":"https:\/\/rutasmeigas.com\/es\/wp-json\/wp\/v2\/posts\/8691\/revisions\/11640"}],"wp:featuredmedia":[{"embeddable":true,"href":"https:\/\/rutasmeigas.com\/es\/wp-json\/wp\/v2\/media\/8584"}],"wp:attachment":[{"href":"https:\/\/rutasmeigas.com\/es\/wp-json\/wp\/v2\/media?parent=8691"}],"wp:term":[{"taxonomy":"category","embeddable":true,"href":"https:\/\/rutasmeigas.com\/es\/wp-json\/wp\/v2\/categories?post=8691"},{"taxonomy":"post_tag","embeddable":true,"href":"https:\/\/rutasmeigas.com\/es\/wp-json\/wp\/v2\/tags?post=8691"}],"curies":[{"name":"wp","href":"https:\/\/api.w.org\/{rel}","templated":true}]}}